{"id":1425,"date":"2021-02-06T14:43:02","date_gmt":"2021-02-06T13:43:02","guid":{"rendered":"https:\/\/lamarmitesiffle.com\/?p=1425"},"modified":"2021-02-06T17:52:20","modified_gmt":"2021-02-06T16:52:20","slug":"fruits-givres-fruttini-by-mo","status":"publish","type":"post","link":"https:\/\/lamarmitesiffle.com\/index.php\/2021\/02\/06\/fruits-givres-fruttini-by-mo\/","title":{"rendered":"Fruits givr\u00e9s Fruttini by MO"},"content":{"rendered":"\n<p>Les fruits givr\u00e9s <a rel=\"noreferrer noopener\" href=\"https:\/\/shop.fruttinibymo.fr\" target=\"_blank\">Fruttini by Mo<\/a> vont vous \u00e9pater et vous rafra\u00eechir avec d\u00e9lice le palais et la m\u00e9moire !<\/p>\n\n\n\n<p>Marie-Laure, la co-fondatrice, me raconte que tout est partie d&rsquo;un souvenir d&rsquo;enfance : les citrons givr\u00e9s que sa maman lui achetait au supermarch\u00e9 l&rsquo;\u00e9t\u00e9. Effectivement ! Je me souviens maintenant ! Le restaurant asiatique o\u00f9 nous emmenait notre grand-p\u00e8re, pour le d\u00e9jeuner familial, proposait des citrons givr\u00e9s \u00e0 la carte des desserts. J&rsquo;avoue avoir compl\u00e8tement oubli\u00e9 ce dessert que nous jugions insipide et assez curieux. Dans les ann\u00e9es 80, les citrons givr\u00e9s \u00e9taient tr\u00e8s chimiques; rien \u00e0 voir avec la belle entreprise artisanale de Marie-Laure et Ollivia.<\/p>\n\n\n\n<p>N\u00e9e d&rsquo;une belle amiti\u00e9, d\u00e9couvrez cette p\u00e9pite parisienne situ\u00e9e dans le VI\u00e8me, pr\u00e8s du Bon March\u00e9, au 24 rue Saint-Placide. Une aventure humaine et artisanale pour faire revivre vos souvenirs d&rsquo;enfance ! Merci les filles !<\/p>\n\n\n\n<figure class=\"wp-block-image size-large\"><img loading=\"lazy\" width=\"1024\" height=\"882\" src=\"https:\/\/lamarmitesiffle.com\/wp-content\/uploads\/2021\/01\/fullsizeoutput_3d4f-1024x882.jpeg\" alt=\"\" class=\"wp-image-1428\" srcset=\"https:\/\/lamarmitesiffle.com\/wp-content\/uploads\/2021\/01\/fullsizeoutput_3d4f-1024x882.jpeg 1024w, https:\/\/lamarmitesiffle.com\/wp-content\/uploads\/2021\/01\/fullsizeoutput_3d4f-300x258.jpeg 300w, https:\/\/lamarmitesiffle.com\/wp-content\/uploads\/2021\/01\/fullsizeoutput_3d4f-768x661.jpeg 768w, https:\/\/lamarmitesiffle.com\/wp-content\/uploads\/2021\/01\/fullsizeoutput_3d4f-1536x1322.jpeg 1536w, https:\/\/lamarmitesiffle.com\/wp-content\/uploads\/2021\/01\/fullsizeoutput_3d4f-2048x1763.jpeg 2048w, https:\/\/lamarmitesiffle.com\/wp-content\/uploads\/2021\/01\/fullsizeoutput_3d4f-70x60.jpeg 70w\" sizes=\"(max-width: 1024px) 100vw, 1024px\" \/><\/figure>\n\n\n\n<h2>Leur savoir faire : tout est fait main<\/h2>\n\n\n\n<p>En d\u00e9cembre 2018, les deux amies d\u00e9cident de cr\u00e9er <em>Fruttiny by Mo<\/em>, p\u00e2tisserie de fruits givr\u00e9s, haute glacerie. Elles s\u00e9lectionnent des fruits de saison au march\u00e9 de Rungis pour ensuite les transformer en sorbets. Le travail artisanal d\u00e9licat et long, que l&rsquo;on peut qualifier de travail d&rsquo;orf\u00e8vre tant la t\u00e2che est minutieuse, est r\u00e9alis\u00e9 par un p\u00e2tissier. Les principales \u00e9tapes :<\/p>\n\n\n\n<ul><li>travailler des fruits de saison<\/li><li>couper les fruits en deux<\/li><li>creuser les fruits pour en r\u00e9cup\u00e9rer la pulpe<\/li><li>m\u00e9langer la pulpe avec de l&rsquo;eau min\u00e9rale et du sucre pour obtenir un sorbet onctueux et moelleux<\/li><li>reconstituer le fruit avec sa peau<\/li><\/ul>\n\n\n\n<figure class=\"wp-block-gallery columns-2 is-cropped\"><ul class=\"blocks-gallery-grid\"><li class=\"blocks-gallery-item\"><figure><img loading=\"lazy\" width=\"1024\" height=\"768\" src=\"https:\/\/lamarmitesiffle.com\/wp-content\/uploads\/2021\/01\/IMG_1473-1024x768.jpg\" alt=\"\" data-id=\"1431\" data-full-url=\"https:\/\/lamarmitesiffle.com\/wp-content\/uploads\/2021\/01\/IMG_1473-scaled.jpg\" data-link=\"https:\/\/lamarmitesiffle.com\/img_1473\/\" class=\"wp-image-1431\" srcset=\"https:\/\/lamarmitesiffle.com\/wp-content\/uploads\/2021\/01\/IMG_1473-1024x768.jpg 1024w, https:\/\/lamarmitesiffle.com\/wp-content\/uploads\/2021\/01\/IMG_1473-300x225.jpg 300w, https:\/\/lamarmitesiffle.com\/wp-content\/uploads\/2021\/01\/IMG_1473-768x576.jpg 768w, https:\/\/lamarmitesiffle.com\/wp-content\/uploads\/2021\/01\/IMG_1473-1536x1152.jpg 1536w, https:\/\/lamarmitesiffle.com\/wp-content\/uploads\/2021\/01\/IMG_1473-2048x1536.jpg 2048w, https:\/\/lamarmitesiffle.com\/wp-content\/uploads\/2021\/01\/IMG_1473-80x60.jpg 80w\" sizes=\"(max-width: 1024px) 100vw, 1024px\" \/><\/figure><\/li><li class=\"blocks-gallery-item\"><figure><img loading=\"lazy\" width=\"1024\" height=\"978\" src=\"https:\/\/lamarmitesiffle.com\/wp-content\/uploads\/2021\/01\/fullsizeoutput_3d50-1024x978.jpeg\" alt=\"\" data-id=\"1429\" data-full-url=\"https:\/\/lamarmitesiffle.com\/wp-content\/uploads\/2021\/01\/fullsizeoutput_3d50-scaled.jpeg\" data-link=\"https:\/\/lamarmitesiffle.com\/fullsizeoutput_3d50\/\" class=\"wp-image-1429\" srcset=\"https:\/\/lamarmitesiffle.com\/wp-content\/uploads\/2021\/01\/fullsizeoutput_3d50-1024x978.jpeg 1024w, https:\/\/lamarmitesiffle.com\/wp-content\/uploads\/2021\/01\/fullsizeoutput_3d50-300x287.jpeg 300w, https:\/\/lamarmitesiffle.com\/wp-content\/uploads\/2021\/01\/fullsizeoutput_3d50-768x734.jpeg 768w, https:\/\/lamarmitesiffle.com\/wp-content\/uploads\/2021\/01\/fullsizeoutput_3d50-1536x1467.jpeg 1536w, https:\/\/lamarmitesiffle.com\/wp-content\/uploads\/2021\/01\/fullsizeoutput_3d50-2048x1956.jpeg 2048w, https:\/\/lamarmitesiffle.com\/wp-content\/uploads\/2021\/01\/fullsizeoutput_3d50-63x60.jpeg 63w\" sizes=\"(max-width: 1024px) 100vw, 1024px\" \/><\/figure><\/li><\/ul><\/figure>\n\n\n\n<p>Tous les fruits givr\u00e9s sont des sorbets \u00e0 l\u2019exception de certains d\u2019entre eux tels que la noix et la ch\u00e2taigne qui sont des cr\u00e8mes glac\u00e9es. 30 parfums sont d\u00e9clin\u00e9s \u00e0 l&rsquo;ann\u00e9e.<\/p>\n\n\n\n<h2>A d\u00e9guster sur place ou \u00e0 emporter<\/h2>\n\n\n\n<p>Au d\u00e9part, ils \u00e9taient 3 \u00e0 travailler dans le laboratoire rue Saint-Sulpice. Aujourd&rsquo;hui, l&rsquo;entreprise a grandi et a ouvert une deuxi\u00e8me boutique au 32 rue des Martyrs dans le II\u00e8me arrondissement de Paris. Le laboratoire a donc d\u00e9m\u00e9nag\u00e9 porte de Saint-Ouen.<\/p>\n\n\n\n<p>De jolies bo\u00eetes isothermes&nbsp;vous permettront de ramener votre Fruttini \u00e0 la maison si vous avez moins d&rsquo;une heure de trajet. Bon \u00e0 savoir, Fruttini livre partout en France ! Pas de jaloux !<\/p>\n\n\n\n<h2>Verdict de mes papilles<\/h2>\n\n\n\n<p>J&rsquo;ai donc test\u00e9 la datte Medjool (4,50 \u20ac) \u00e0 emporter (contexte COVID oblige). Le fruit givr\u00e9 est servi avec un petit biscuit fa\u00e7on petit beurre assez \u00e9pais et tr\u00e8s bon. Le biscuit est personnalis\u00e9 au nom de l&rsquo;enseigne.<\/p>\n\n\n\n<figure class=\"wp-block-image size-large\"><img loading=\"lazy\" width=\"1024\" height=\"768\" src=\"https:\/\/lamarmitesiffle.com\/wp-content\/uploads\/2021\/01\/IMG_1475-1024x768.jpg\" alt=\"\" class=\"wp-image-1433\" srcset=\"https:\/\/lamarmitesiffle.com\/wp-content\/uploads\/2021\/01\/IMG_1475-1024x768.jpg 1024w, https:\/\/lamarmitesiffle.com\/wp-content\/uploads\/2021\/01\/IMG_1475-300x225.jpg 300w, https:\/\/lamarmitesiffle.com\/wp-content\/uploads\/2021\/01\/IMG_1475-768x576.jpg 768w, https:\/\/lamarmitesiffle.com\/wp-content\/uploads\/2021\/01\/IMG_1475-1536x1152.jpg 1536w, https:\/\/lamarmitesiffle.com\/wp-content\/uploads\/2021\/01\/IMG_1475-2048x1536.jpg 2048w, https:\/\/lamarmitesiffle.com\/wp-content\/uploads\/2021\/01\/IMG_1475-80x60.jpg 80w\" sizes=\"(max-width: 1024px) 100vw, 1024px\" \/><\/figure>\n\n\n\n<p>C&rsquo;est bluffant, original, beau et d\u00e9licieux ! On retrouve vraiment le go\u00fbt du fruit et sa d\u00e9licatesse. Le sorbet est onctueux sans \u00eatre trop sucr\u00e9 je trouve. C&rsquo;est \u00e9tonnant de qualit\u00e9. Visuellement, \u00e7a en jette !<\/p>\n\n\n\n<p>Conclusion \ud83d\ude42 comme quoi, les souvenirs d&rsquo;enfance restent grav\u00e9s dans la m\u00e9moire et am\u00e8nent parfois \u00e0 de belles entreprises !<\/p>\n","protected":false},"excerpt":{"rendered":"<p>Les fruits givr\u00e9s Fruttini by Mo vont vous \u00e9pater et vous rafra\u00eechir avec d\u00e9lice le palais et la m\u00e9moire ! Marie-Laure, la co-fondatrice, me raconte que tout est partie d&rsquo;un souvenir d&rsquo;enfance : les citrons givr\u00e9s que sa maman lui achetait au supermarch\u00e9 l&rsquo;\u00e9t\u00e9. Effectivement ! Je me souviens maintenant ! Le restaurant asiatique o\u00f9 &hellip; <\/p>\n","protected":false},"author":1,"featured_media":1429,"comment_status":"open","ping_status":"open","sticky":false,"template":"","format":"standard","meta":[],"categories":[170,28],"tags":[166,32,14,55],"yoast_head":"<!-- This site is optimized with the Yoast SEO plugin v17.7.1 - https:\/\/yoast.com\/wordpress\/plugins\/seo\/ -->\n<title>Fruits givr\u00e9s Fruttini by MO - La marmite siffle<\/title>\n<meta name=\"description\" content=\"Nouvelle p\u00e9pite locale sur La Marmite Siffle : les fruits givr\u00e9s Fruttini by Mo. Des sorbets et cr\u00e8mes glac\u00e9es dans des fruits de saison.\" \/>\n<meta name=\"robots\" content=\"index, follow, max-snippet:-1, max-image-preview:large, max-video-preview:-1\" \/>\n<link rel=\"canonical\" href=\"https:\/\/lamarmitesiffle.com\/index.php\/2021\/02\/06\/fruits-givres-fruttini-by-mo\/\" \/>\n<meta property=\"og:locale\" content=\"fr_FR\" \/>\n<meta property=\"og:type\" content=\"article\" \/>\n<meta property=\"og:title\" content=\"Fruits givr\u00e9s Fruttini by MO - La marmite siffle\" \/>\n<meta property=\"og:description\" content=\"Nouvelle p\u00e9pite locale sur La Marmite Siffle : les fruits givr\u00e9s Fruttini by Mo. Des sorbets et cr\u00e8mes glac\u00e9es dans des fruits de saison.\" \/>\n<meta property=\"og:url\" content=\"https:\/\/lamarmitesiffle.com\/index.php\/2021\/02\/06\/fruits-givres-fruttini-by-mo\/\" \/>\n<meta property=\"og:site_name\" content=\"La marmite siffle\" \/>\n<meta property=\"article:publisher\" content=\"https:\/\/www.facebook.com\/La-marmite-siffle-102923701490847\" \/>\n<meta property=\"article:published_time\" content=\"2021-02-06T13:43:02+00:00\" \/>\n<meta property=\"article:modified_time\" content=\"2021-02-06T16:52:20+00:00\" \/>\n<meta property=\"og:image\" content=\"https:\/\/lamarmitesiffle.com\/wp-content\/uploads\/2021\/01\/fullsizeoutput_3d50-scaled.jpeg\" \/>\n\t<meta property=\"og:image:width\" content=\"2560\" \/>\n\t<meta property=\"og:image:height\" content=\"2446\" \/>\n<meta name=\"twitter:card\" content=\"summary_large_image\" \/>\n<meta name=\"twitter:label1\" content=\"\u00c9crit par\" \/>\n\t<meta name=\"twitter:data1\" content=\"Marie-Pierre\" \/>\n\t<meta name=\"twitter:label2\" content=\"Dur\u00e9e de lecture estim\u00e9e\" \/>\n\t<meta name=\"twitter:data2\" content=\"2 minutes\" \/>\n<script type=\"application\/ld+json\" class=\"yoast-schema-graph\">{\"@context\":\"https:\/\/schema.org\",\"@graph\":[{\"@type\":\"Organization\",\"@id\":\"https:\/\/lamarmitesiffle.com\/#organization\",\"name\":\"La Marmite Siffle\",\"url\":\"https:\/\/lamarmitesiffle.com\/\",\"sameAs\":[\"https:\/\/www.facebook.com\/La-marmite-siffle-102923701490847\"],\"logo\":{\"@type\":\"ImageObject\",\"@id\":\"https:\/\/lamarmitesiffle.com\/#logo\",\"inLanguage\":\"fr-FR\",\"url\":\"https:\/\/lamarmitesiffle.com\/wp-content\/uploads\/2020\/07\/cocotte_mp_texte_fond_transparent.png\",\"contentUrl\":\"https:\/\/lamarmitesiffle.com\/wp-content\/uploads\/2020\/07\/cocotte_mp_texte_fond_transparent.png\",\"width\":979,\"height\":979,\"caption\":\"La Marmite Siffle\"},\"image\":{\"@id\":\"https:\/\/lamarmitesiffle.com\/#logo\"}},{\"@type\":\"WebSite\",\"@id\":\"https:\/\/lamarmitesiffle.com\/#website\",\"url\":\"https:\/\/lamarmitesiffle.com\/\",\"name\":\"La marmite siffle\",\"description\":\"- La cuisine retisse les liens -\",\"publisher\":{\"@id\":\"https:\/\/lamarmitesiffle.com\/#organization\"},\"potentialAction\":[{\"@type\":\"SearchAction\",\"target\":{\"@type\":\"EntryPoint\",\"urlTemplate\":\"https:\/\/lamarmitesiffle.com\/?s={search_term_string}\"},\"query-input\":\"required name=search_term_string\"}],\"inLanguage\":\"fr-FR\"},{\"@type\":\"ImageObject\",\"@id\":\"https:\/\/lamarmitesiffle.com\/index.php\/2021\/02\/06\/fruits-givres-fruttini-by-mo\/#primaryimage\",\"inLanguage\":\"fr-FR\",\"url\":\"https:\/\/lamarmitesiffle.com\/wp-content\/uploads\/2021\/01\/fullsizeoutput_3d50-scaled.jpeg\",\"contentUrl\":\"https:\/\/lamarmitesiffle.com\/wp-content\/uploads\/2021\/01\/fullsizeoutput_3d50-scaled.jpeg\",\"width\":2560,\"height\":2446,\"caption\":\"Fruttini by Mo\"},{\"@type\":\"WebPage\",\"@id\":\"https:\/\/lamarmitesiffle.com\/index.php\/2021\/02\/06\/fruits-givres-fruttini-by-mo\/#webpage\",\"url\":\"https:\/\/lamarmitesiffle.com\/index.php\/2021\/02\/06\/fruits-givres-fruttini-by-mo\/\",\"name\":\"Fruits givr\\u00e9s Fruttini by MO - La marmite siffle\",\"isPartOf\":{\"@id\":\"https:\/\/lamarmitesiffle.com\/#website\"},\"primaryImageOfPage\":{\"@id\":\"https:\/\/lamarmitesiffle.com\/index.php\/2021\/02\/06\/fruits-givres-fruttini-by-mo\/#primaryimage\"},\"datePublished\":\"2021-02-06T13:43:02+00:00\",\"dateModified\":\"2021-02-06T16:52:20+00:00\",\"description\":\"Nouvelle p\\u00e9pite locale sur La Marmite Siffle : les fruits givr\\u00e9s Fruttini by Mo. Des sorbets et cr\\u00e8mes glac\\u00e9es dans des fruits de saison.\",\"breadcrumb\":{\"@id\":\"https:\/\/lamarmitesiffle.com\/index.php\/2021\/02\/06\/fruits-givres-fruttini-by-mo\/#breadcrumb\"},\"inLanguage\":\"fr-FR\",\"potentialAction\":[{\"@type\":\"ReadAction\",\"target\":[\"https:\/\/lamarmitesiffle.com\/index.php\/2021\/02\/06\/fruits-givres-fruttini-by-mo\/\"]}]},{\"@type\":\"BreadcrumbList\",\"@id\":\"https:\/\/lamarmitesiffle.com\/index.php\/2021\/02\/06\/fruits-givres-fruttini-by-mo\/#breadcrumb\",\"itemListElement\":[{\"@type\":\"ListItem\",\"position\":1,\"name\":\"Accueil\",\"item\":\"https:\/\/lamarmitesiffle.com\/\"},{\"@type\":\"ListItem\",\"position\":2,\"name\":\"Fruits givr\\u00e9s Fruttini by MO\"}]},{\"@type\":\"Article\",\"@id\":\"https:\/\/lamarmitesiffle.com\/index.php\/2021\/02\/06\/fruits-givres-fruttini-by-mo\/#article\",\"isPartOf\":{\"@id\":\"https:\/\/lamarmitesiffle.com\/index.php\/2021\/02\/06\/fruits-givres-fruttini-by-mo\/#webpage\"},\"author\":{\"@id\":\"https:\/\/lamarmitesiffle.com\/#\/schema\/person\/c9646e67a5583ff18dc5ee36386a4796\"},\"headline\":\"Fruits givr\\u00e9s Fruttini by MO\",\"datePublished\":\"2021-02-06T13:43:02+00:00\",\"dateModified\":\"2021-02-06T16:52:20+00:00\",\"mainEntityOfPage\":{\"@id\":\"https:\/\/lamarmitesiffle.com\/index.php\/2021\/02\/06\/fruits-givres-fruttini-by-mo\/#webpage\"},\"wordCount\":494,\"commentCount\":0,\"publisher\":{\"@id\":\"https:\/\/lamarmitesiffle.com\/#organization\"},\"image\":{\"@id\":\"https:\/\/lamarmitesiffle.com\/index.php\/2021\/02\/06\/fruits-givres-fruttini-by-mo\/#primaryimage\"},\"thumbnailUrl\":\"https:\/\/lamarmitesiffle.com\/wp-content\/uploads\/2021\/01\/fullsizeoutput_3d50-scaled.jpeg\",\"keywords\":[\"Glacier\",\"Ile de France\",\"p\\u00e9pite locale\",\"Produit local\"],\"articleSection\":[\"PARIS\",\"P\\u00e9pites locales\"],\"inLanguage\":\"fr-FR\",\"potentialAction\":[{\"@type\":\"CommentAction\",\"name\":\"Comment\",\"target\":[\"https:\/\/lamarmitesiffle.com\/index.php\/2021\/02\/06\/fruits-givres-fruttini-by-mo\/#respond\"]}]},{\"@type\":\"Person\",\"@id\":\"https:\/\/lamarmitesiffle.com\/#\/schema\/person\/c9646e67a5583ff18dc5ee36386a4796\",\"name\":\"Marie-Pierre\",\"image\":{\"@type\":\"ImageObject\",\"@id\":\"https:\/\/lamarmitesiffle.com\/#personlogo\",\"inLanguage\":\"fr-FR\",\"url\":\"https:\/\/secure.gravatar.com\/avatar\/7119672557e2b7745e598005e5a3853a?s=96&d=mm&r=g\",\"contentUrl\":\"https:\/\/secure.gravatar.com\/avatar\/7119672557e2b7745e598005e5a3853a?s=96&d=mm&r=g\",\"caption\":\"Marie-Pierre\"},\"url\":\"https:\/\/lamarmitesiffle.com\/index.php\/author\/admin2903\/\"}]}<\/script>\n<!-- \/ Yoast SEO plugin. -->","yoast_head_json":{"title":"Fruits givr\u00e9s Fruttini by MO - La marmite siffle","description":"Nouvelle p\u00e9pite locale sur La Marmite Siffle : les fruits givr\u00e9s Fruttini by Mo. Des sorbets et cr\u00e8mes glac\u00e9es dans des fruits de saison.","robots":{"index":"index","follow":"follow","max-snippet":"max-snippet:-1","max-image-preview":"max-image-preview:large","max-video-preview":"max-video-preview:-1"},"canonical":"https:\/\/lamarmitesiffle.com\/index.php\/2021\/02\/06\/fruits-givres-fruttini-by-mo\/","og_locale":"fr_FR","og_type":"article","og_title":"Fruits givr\u00e9s Fruttini by MO - La marmite siffle","og_description":"Nouvelle p\u00e9pite locale sur La Marmite Siffle : les fruits givr\u00e9s Fruttini by Mo. Des sorbets et cr\u00e8mes glac\u00e9es dans des fruits de saison.","og_url":"https:\/\/lamarmitesiffle.com\/index.php\/2021\/02\/06\/fruits-givres-fruttini-by-mo\/","og_site_name":"La marmite siffle","article_publisher":"https:\/\/www.facebook.com\/La-marmite-siffle-102923701490847","article_published_time":"2021-02-06T13:43:02+00:00","article_modified_time":"2021-02-06T16:52:20+00:00","og_image":[{"width":2560,"height":2446,"url":"https:\/\/lamarmitesiffle.com\/wp-content\/uploads\/2021\/01\/fullsizeoutput_3d50-scaled.jpeg","type":"image\/jpeg"}],"twitter_card":"summary_large_image","twitter_misc":{"\u00c9crit par":"Marie-Pierre","Dur\u00e9e de lecture estim\u00e9e":"2 minutes"},"schema":{"@context":"https:\/\/schema.org","@graph":[{"@type":"Organization","@id":"https:\/\/lamarmitesiffle.com\/#organization","name":"La Marmite Siffle","url":"https:\/\/lamarmitesiffle.com\/","sameAs":["https:\/\/www.facebook.com\/La-marmite-siffle-102923701490847"],"logo":{"@type":"ImageObject","@id":"https:\/\/lamarmitesiffle.com\/#logo","inLanguage":"fr-FR","url":"https:\/\/lamarmitesiffle.com\/wp-content\/uploads\/2020\/07\/cocotte_mp_texte_fond_transparent.png","contentUrl":"https:\/\/lamarmitesiffle.com\/wp-content\/uploads\/2020\/07\/cocotte_mp_texte_fond_transparent.png","width":979,"height":979,"caption":"La Marmite Siffle"},"image":{"@id":"https:\/\/lamarmitesiffle.com\/#logo"}},{"@type":"WebSite","@id":"https:\/\/lamarmitesiffle.com\/#website","url":"https:\/\/lamarmitesiffle.com\/","name":"La marmite siffle","description":"- La cuisine retisse les liens -","publisher":{"@id":"https:\/\/lamarmitesiffle.com\/#organization"},"potentialAction":[{"@type":"SearchAction","target":{"@type":"EntryPoint","urlTemplate":"https:\/\/lamarmitesiffle.com\/?s={search_term_string}"},"query-input":"required name=search_term_string"}],"inLanguage":"fr-FR"},{"@type":"ImageObject","@id":"https:\/\/lamarmitesiffle.com\/index.php\/2021\/02\/06\/fruits-givres-fruttini-by-mo\/#primaryimage","inLanguage":"fr-FR","url":"https:\/\/lamarmitesiffle.com\/wp-content\/uploads\/2021\/01\/fullsizeoutput_3d50-scaled.jpeg","contentUrl":"https:\/\/lamarmitesiffle.com\/wp-content\/uploads\/2021\/01\/fullsizeoutput_3d50-scaled.jpeg","width":2560,"height":2446,"caption":"Fruttini by Mo"},{"@type":"WebPage","@id":"https:\/\/lamarmitesiffle.com\/index.php\/2021\/02\/06\/fruits-givres-fruttini-by-mo\/#webpage","url":"https:\/\/lamarmitesiffle.com\/index.php\/2021\/02\/06\/fruits-givres-fruttini-by-mo\/","name":"Fruits givr\u00e9s Fruttini by MO - La marmite siffle","isPartOf":{"@id":"https:\/\/lamarmitesiffle.com\/#website"},"primaryImageOfPage":{"@id":"https:\/\/lamarmitesiffle.com\/index.php\/2021\/02\/06\/fruits-givres-fruttini-by-mo\/#primaryimage"},"datePublished":"2021-02-06T13:43:02+00:00","dateModified":"2021-02-06T16:52:20+00:00","description":"Nouvelle p\u00e9pite locale sur La Marmite Siffle : les fruits givr\u00e9s Fruttini by Mo. Des sorbets et cr\u00e8mes glac\u00e9es dans des fruits de saison.","breadcrumb":{"@id":"https:\/\/lamarmitesiffle.com\/index.php\/2021\/02\/06\/fruits-givres-fruttini-by-mo\/#breadcrumb"},"inLanguage":"fr-FR","potentialAction":[{"@type":"ReadAction","target":["https:\/\/lamarmitesiffle.com\/index.php\/2021\/02\/06\/fruits-givres-fruttini-by-mo\/"]}]},{"@type":"BreadcrumbList","@id":"https:\/\/lamarmitesiffle.com\/index.php\/2021\/02\/06\/fruits-givres-fruttini-by-mo\/#breadcrumb","itemListElement":[{"@type":"ListItem","position":1,"name":"Accueil","item":"https:\/\/lamarmitesiffle.com\/"},{"@type":"ListItem","position":2,"name":"Fruits givr\u00e9s Fruttini by MO"}]},{"@type":"Article","@id":"https:\/\/lamarmitesiffle.com\/index.php\/2021\/02\/06\/fruits-givres-fruttini-by-mo\/#article","isPartOf":{"@id":"https:\/\/lamarmitesiffle.com\/index.php\/2021\/02\/06\/fruits-givres-fruttini-by-mo\/#webpage"},"author":{"@id":"https:\/\/lamarmitesiffle.com\/#\/schema\/person\/c9646e67a5583ff18dc5ee36386a4796"},"headline":"Fruits givr\u00e9s Fruttini by MO","datePublished":"2021-02-06T13:43:02+00:00","dateModified":"2021-02-06T16:52:20+00:00","mainEntityOfPage":{"@id":"https:\/\/lamarmitesiffle.com\/index.php\/2021\/02\/06\/fruits-givres-fruttini-by-mo\/#webpage"},"wordCount":494,"commentCount":0,"publisher":{"@id":"https:\/\/lamarmitesiffle.com\/#organization"},"image":{"@id":"https:\/\/lamarmitesiffle.com\/index.php\/2021\/02\/06\/fruits-givres-fruttini-by-mo\/#primaryimage"},"thumbnailUrl":"https:\/\/lamarmitesiffle.com\/wp-content\/uploads\/2021\/01\/fullsizeoutput_3d50-scaled.jpeg","keywords":["Glacier","Ile de France","p\u00e9pite locale","Produit local"],"articleSection":["PARIS","P\u00e9pites locales"],"inLanguage":"fr-FR","potentialAction":[{"@type":"CommentAction","name":"Comment","target":["https:\/\/lamarmitesiffle.com\/index.php\/2021\/02\/06\/fruits-givres-fruttini-by-mo\/#respond"]}]},{"@type":"Person","@id":"https:\/\/lamarmitesiffle.com\/#\/schema\/person\/c9646e67a5583ff18dc5ee36386a4796","name":"Marie-Pierre","image":{"@type":"ImageObject","@id":"https:\/\/lamarmitesiffle.com\/#personlogo","inLanguage":"fr-FR","url":"https:\/\/secure.gravatar.com\/avatar\/7119672557e2b7745e598005e5a3853a?s=96&d=mm&r=g","contentUrl":"https:\/\/secure.gravatar.com\/avatar\/7119672557e2b7745e598005e5a3853a?s=96&d=mm&r=g","caption":"Marie-Pierre"},"url":"https:\/\/lamarmitesiffle.com\/index.php\/author\/admin2903\/"}]}},"_links":{"self":[{"href":"https:\/\/lamarmitesiffle.com\/index.php\/wp-json\/wp\/v2\/posts\/1425"}],"collection":[{"href":"https:\/\/lamarmitesiffle.com\/index.php\/wp-json\/wp\/v2\/posts"}],"about":[{"href":"https:\/\/lamarmitesiffle.com\/index.php\/wp-json\/wp\/v2\/types\/post"}],"author":[{"embeddable":true,"href":"https:\/\/lamarmitesiffle.com\/index.php\/wp-json\/wp\/v2\/users\/1"}],"replies":[{"embeddable":true,"href":"https:\/\/lamarmitesiffle.com\/index.php\/wp-json\/wp\/v2\/comments?post=1425"}],"version-history":[{"count":32,"href":"https:\/\/lamarmitesiffle.com\/index.php\/wp-json\/wp\/v2\/posts\/1425\/revisions"}],"predecessor-version":[{"id":1505,"href":"https:\/\/lamarmitesiffle.com\/index.php\/wp-json\/wp\/v2\/posts\/1425\/revisions\/1505"}],"wp:featuredmedia":[{"embeddable":true,"href":"https:\/\/lamarmitesiffle.com\/index.php\/wp-json\/wp\/v2\/media\/1429"}],"wp:attachment":[{"href":"https:\/\/lamarmitesiffle.com\/index.php\/wp-json\/wp\/v2\/media?parent=1425"}],"wp:term":[{"taxonomy":"category","embeddable":true,"href":"https:\/\/lamarmitesiffle.com\/index.php\/wp-json\/wp\/v2\/categories?post=1425"},{"taxonomy":"post_tag","embeddable":true,"href":"https:\/\/lamarmitesiffle.com\/index.php\/wp-json\/wp\/v2\/tags?post=1425"}],"curies":[{"name":"wp","href":"https:\/\/api.w.org\/{rel}","templated":true}]}}